{"id":775,"date":"2021-08-19T12:45:34","date_gmt":"2021-08-19T10:45:34","guid":{"rendered":"https:\/\/campaigns.ancotrans.com\/?p=775"},"modified":"2021-08-20T09:41:12","modified_gmt":"2021-08-20T07:41:12","slug":"minska-din-transports-koldioxidavtryck","status":"publish","type":"post","link":"https:\/\/campaigns.ancotrans.com\/sv\/minska-din-transports-koldioxidavtryck\/","title":{"rendered":"Minska din transports koldioxidavtryck"},"content":{"rendered":"<div class=\"block-cta-advanced relative bg-cover bg-center bg-no-repeat pt-6 md:pt-12 lg:pt-12 pb-6 md:pb-12 lg:pb-12    theme-dark schema-bg-color-dark_background lazy-bg\"\n     id=\"\"\n\n     style=\"background-image: url('data:image\/gif;base64,R0lGODlhAQABAIAAAP\/\/\/\/\/\/\/yH5BAEKAAEALAAAAAABAAEAAAICTAEAOw==')\"\n     data-src=\"https:\/\/campaigns.ancotrans.com\/wp-content\/uploads\/sites\/159\/2021\/08\/0N6A2255.png\"\n\n    data-design-type=\"type_4\"\n    >\n\n    \n\n    <div class=\"absolute inset-0 z-10\"\n         style=\"background-color: #004231; opacity: 0.70\"><\/div>\n\n    \n    \n        \n\n<div class=\"container relative z-10\">\n    <div class=\"pb-16 pt-20 md:pt-32 lg:py-32 relative\">\n        <div class=\"relative   mx-auto text-center \">\n\n            \n            <div class=\"relative z-10 \">\n                <header class=\"mb-3\">\n                                        <h1 class=\"\">\n                        Minska din transports koldioxidavtryck                    <\/h1>\n                <\/header>\n                <div class=\"wysiwyg-content  text-xl max-w-lg xl:max-w-xl mx-auto\">\n                    <p>Transport och lastbilsfrakt forts\u00e4tter att bidra till koldioxidutsl\u00e4pp.<\/p>\n                <\/div>\n\n                            <\/div>\n        <\/div>\n    <\/div>\n\n    <\/div>\n    <\/div>\n\n\n<div class=\"container\"><div class=\"lg:mx-auto max-w-2xl\"><div class=\"core_spacer\">\n<div style=\"height:100px\" aria-hidden=\"true\" class=\"wp-block-spacer\"><\/div>\n<\/div><\/div><\/div>\n\n<div class=\"container\"><div class=\"lg:mx-auto max-w-2xl\"><div class=\"core_paragraph\">\n<p><strong>Transport och lastbilsfrakt forts\u00e4tter att bidra till koldioxidutsl\u00e4pp<\/strong>.<strong> Transportsektorn st\u00e5r f\u00f6r 25 procent av v\u00e4xthusgasutsl\u00e4pp, och lastbilstransporter st\u00e5r f\u00f6r \u2159 av de utsl\u00e4ppen. <\/strong><strong><\/strong><\/p>\n<\/div><\/div><\/div>\n\n<div class=\"container\"><div class=\"lg:mx-auto max-w-2xl\"><div class=\"core_paragraph\">\n<p><strong>Hur kan vi minimera industrins koldioxidavtryck? <\/strong><strong><\/strong><\/p>\n<\/div><\/div><\/div>\n\n<div class=\"container\"><div class=\"lg:mx-auto max-w-2xl\"><div class=\"core_paragraph\">\n<p><strong>En god nyhet \u00e4r att m\u00e5nga transportf\u00f6retag anstr\u00e4nger sig f\u00f6r att bli gr\u00f6nare och mer h\u00e5llbara, och har aktivt implementerat initiativ f\u00f6r att minska klimatp\u00e5verkan. <\/strong><strong><\/strong><\/p>\n<\/div><\/div><\/div>\n\n<div class=\"container\"><div class=\"lg:mx-auto max-w-2xl\"><div class=\"core_paragraph\">\n<p><strong>Nedan listar vi vilka \u00e4mnen du kan diskutera med din transportpartner. <\/strong><strong><\/strong><\/p>\n<\/div><\/div><\/div>\n\n<div class=\"container\"><div class=\"lg:mx-auto max-w-2xl\"><div class=\"core_spacer\">\n<div style=\"height:50px\" aria-hidden=\"true\" class=\"wp-block-spacer\"><\/div>\n<\/div><\/div><\/div>\n\n<div class=\"container\"><div class=\"lg:mx-auto max-w-2xl\"><div class=\"core_heading\">\n<h2><strong><strong>K\u00f6r f\u00f6r ett b\u00e4ttre klimat<\/strong><\/strong><\/h2>\n<\/div><\/div><\/div>\n\n<div class=\"container\"><div class=\"lg:mx-auto max-w-2xl\"><div class=\"core_paragraph\">\n<p>Under de kommande \u00e5ren kommer behovet av att minska klimatavtrycket att \u00f6ka \u00e4nnu mer. Hur ser du till att ditt f\u00f6retag bek\u00e4mpar utsl\u00e4pp och minskar koldioxidavtrycket f\u00f6r era leveranser?<\/p>\n<\/div><\/div><\/div>\n\n<div class=\"container\"><div class=\"lg:mx-auto max-w-2xl\"><div class=\"core_paragraph\">\n<p>Enligt oss ligger l\u00f6sningarna f\u00f6r att n\u00e5 v\u00e5ra samh\u00e4llsm\u00e5l f\u00f6r klimatet inom tre breda omr\u00e5den:<\/p>\n<\/div><\/div><\/div>\n\n<div class=\"container\"><div class=\"lg:mx-auto max-w-2xl\"><div class=\"core_list\">\n<ul><li>Tekniska framsteg och \u00f6kad effektivitet hos fordon<\/li><li>Utbildning och tr\u00e4ning<\/li><li>Kvittning och kompensation f\u00f6r utsl\u00e4ppen<\/li><\/ul>\n<\/div><\/div><\/div>\n\n<div class=\"container\"><div class=\"lg:mx-auto max-w-2xl\"><div class=\"core_spacer\">\n<div style=\"height:50px\" aria-hidden=\"true\" class=\"wp-block-spacer\"><\/div>\n<\/div><\/div><\/div>\n\n<div class=\"block-testimonials bg-cover bg-center bg-no-repeat relative overflow-hidden  pt-0 pb-0 theme-dark schema-bg-color-dark_background\"\n     id=\"\" style=\"background-image: url('')\">\n\n            <div class=\"absolute inset-0\" style=\"background-color: rgba(0,66,49, 0.99)\"><\/div>\n    \n    \n            <div class=\"vue-component-wrapper w-full relative z-10\">\n            <el-testimonial-carousel\n                        :autoplay=\"{&quot;active&quot;:false,&quot;speed&quot;:&quot;5000&quot;}\"\n                      overlay-theme=\"dark\"\n                                     :json=\"[{&quot;quote&quot;:&quot;&lt;p&gt;&#8221;Stora fordon, som lastbilar och bussar, st\\u00e5r f\\u00f6r en fj\\u00e4rdedel av koldioxidutsl\\u00e4ppen fr\\u00e5n marktransport inom EU, samt 5 % av EU:s totala utsl\\u00e4pp.&#8221;&lt;\\\/p&gt;\\n&quot;,&quot;author&quot;:{&quot;name&quot;:&quot;Europeiska kommissionen, klimat och transport&quot;,&quot;job_title&quot;:&quot;&quot;,&quot;company&quot;:&quot;&quot;,&quot;image&quot;:false},&quot;background_image&quot;:false,&quot;overlay_color&quot;:&quot;&quot;,&quot;overlay_opacity&quot;:&quot;70&quot;,&quot;id&quot;:0,&quot;overlay_color_rgb&quot;:&quot;rgba(0,66,49, 0.99)&quot;}]\"><\/el-testimonial-carousel>\n        <\/div>\n    <\/div>\n\n\n\n<div class=\"container\"><div class=\"lg:mx-auto max-w-2xl\"><div class=\"core_spacer\">\n<div style=\"height:50px\" aria-hidden=\"true\" class=\"wp-block-spacer\"><\/div>\n<\/div><\/div><\/div>\n\n<div class=\"container\"><div class=\"lg:mx-auto max-w-2xl\"><div class=\"core_paragraph\">\n<p>Vi p\u00e5 Ancotrans vet att v\u00e5ra klimatinitiativ m\u00e5ste vara mer \u00e4n bara prat och ist\u00e4llet best\u00e5 av verkliga initiativ f\u00f6r att minska utsl\u00e4ppen. Samtidigt \u00e4r de gr\u00f6na initiativen kopplade till kommersiella \u00f6verv\u00e4ganden.<\/p>\n<\/div><\/div><\/div>\n\n<div class=\"container\"><div class=\"lg:mx-auto max-w-2xl\"><div class=\"core_paragraph\">\n<p>Den gr\u00f6na f\u00f6r\u00e4ndring vi har p\u00e5b\u00f6rjat och f\u00f6respr\u00e5kar har ett tydligt kommersiellt m\u00e5l. Vi tror att vi kan ena initiativ f\u00f6r minskade utsl\u00e4pp och samtidigt f\u00f6rb\u00e4ttra de ekonomiska resultaten.<\/p>\n<\/div><\/div><\/div>\n\n<div class=\"container\"><div class=\"lg:mx-auto max-w-2xl\"><div class=\"core_spacer\">\n<div style=\"height:50px\" aria-hidden=\"true\" class=\"wp-block-spacer\"><\/div>\n<\/div><\/div><\/div>\n\n<div class=\"container\"><div class=\"lg:mx-auto max-w-2xl\"><div class=\"core_heading\">\n<h2><strong>6 s\u00e4tt a minska din transports koldioxidavtryck<\/strong><\/h2>\n<\/div><\/div><\/div>\n\n<div class=\"container\"><div class=\"lg:mx-auto max-w-2xl\"><div class=\"core_heading\">\n<h4><strong>Tekniska framsteg<\/strong><\/h4>\n<\/div><\/div><\/div>\n\n<div class=\"container\"><div class=\"lg:mx-auto max-w-2xl\"><div class=\"core_paragraph\">\n<p>Tekniska framsteg kommer att vara drivande f\u00f6r att uppn\u00e5 en gr\u00f6nare transport i framtiden.<\/p>\n<\/div><\/div><\/div>\n\n<div class=\"container\"><div class=\"lg:mx-auto max-w-2xl\"><div class=\"core_paragraph\">\n<p>Innovativa f\u00f6rb\u00e4ttringar som viktminskning, optimerade motorer och f\u00f6rb\u00e4ttrade hjul kommer att \u00f6ka fordonens effektivitet och g\u00f6ra lastbilar mer br\u00e4nslesn\u00e5la.<\/p>\n<\/div><\/div><\/div>\n\n<div class=\"container\"><div class=\"lg:mx-auto max-w-2xl\"><div class=\"core_paragraph\">\n<p>ANCOTRANS \u00e4r ledande i att driva gr\u00f6nare alternativ inom transportindustrin och nu \u00e4ven f\u00f6r sidlastare. Vi samarbetar med en av v\u00e5ra leverant\u00f6rer av sidlastare, Hammar, <a href=\"https:\/\/ancotrans.com\/services\/sideloaders\/\" target=\"_blank\" rel=\"noreferrer noopener\">med m\u00e5let att bli Europas f\u00f6rsta f\u00f6retag att lansera och anv\u00e4nda elektriska sidlastare<\/a>. Dessutom har vi nu LNG-lastbilar som n\u00e4stan \u00e4r utsl\u00e4ppsneutrala och mer milj\u00f6v\u00e4nliga.<\/p>\n<\/div><\/div><\/div>\n\n<div class=\"container\"><div class=\"lg:mx-auto max-w-2xl\"><div class=\"core_paragraph\">\n<p><\/p>\n<\/div><\/div><\/div>\n\n<div class=\"container\"><div class=\"lg:mx-auto max-w-2xl\"><div class=\"core_heading\">\n<h4><strong>Br\u00e4nsle<\/strong><\/h4>\n<\/div><\/div><\/div>\n\n<div class=\"container\"><div class=\"lg:mx-auto max-w-2xl\"><div class=\"core_paragraph\">\n<p>Br\u00e4nsle \u00e4r en avg\u00f6rande faktor f\u00f6r att minska utsl\u00e4ppen av v\u00e4xthusgaser fr\u00e5n transport. <\/p>\n<\/div><\/div><\/div>\n\n<div class=\"container\"><div class=\"lg:mx-auto max-w-2xl\"><div class=\"core_paragraph\">\n<p>Idag finns det m\u00e5nga br\u00e4nslen med mindre koldioxidutsl\u00e4pp p\u00e5 marknaden, och vi kommer garanterat att se fler i framtiden. Det \u00e4r positivt f\u00f6r klimatet, men m\u00e5nga av de nya br\u00e4nsletyperna, som LNG-lastbilar, kommer \u00e4ven kunna s\u00e4nka f\u00f6retagens br\u00e4nslekostnader.<\/p>\n<\/div><\/div><\/div>\n\n<div class=\"container\"><div class=\"lg:mx-auto max-w-2xl\"><div class=\"core_paragraph\">\n<p><\/p>\n<\/div><\/div><\/div>\n\n<div class=\"container\"><div class=\"lg:mx-auto max-w-2xl\"><div class=\"core_heading\">\n<h4><strong>Smartare transporter<\/strong><\/h4>\n<\/div><\/div><\/div>\n\n<div class=\"container\"><div class=\"lg:mx-auto max-w-2xl\"><div class=\"core_paragraph\">\n<p>Genom att lasta om och \u00e5teranv\u00e4nda containrar n\u00e4r det \u00e4r m\u00f6jligt kan du minska antalet tomma kilometer samt utsl\u00e4pp fr\u00e5n maskiner som hanterar containrar p\u00e5 dep\u00e5er och terminaler. V\u00e5r egen flotta \u00e4r bland annat utrustade med l\u00f6stagbara och kopplingsbara chassin. D\u00e4rmed kan de transportera upp till tre containrar samtidigt, vilket minskar koldioxidutsl\u00e4ppet per trailer.<\/p>\n<\/div><\/div><\/div>\n\n<div class=\"container\"><div class=\"lg:mx-auto max-w-2xl\"><div class=\"core_paragraph\">\n<p><\/p>\n<\/div><\/div><\/div>\n\n<div class=\"container\"><div class=\"lg:mx-auto max-w-2xl\"><div class=\"core_heading\">\n<h4><strong>Utbildning och tr\u00e4ning f\u00f6r f\u00f6rare<\/strong><\/h4>\n<\/div><\/div><\/div>\n\n<div class=\"container\"><div class=\"lg:mx-auto max-w-2xl\"><div class=\"core_paragraph\">\n<p>F\u00f6rarna p\u00e5 Ancotrans g\u00e5r p\u00e5 nya kurser f\u00f6r ekok\u00f6rning varje \u00e5r. Det \u00e4r f\u00f6r att alla ska ha kunskap om hur man minimerar milj\u00f6p\u00e5verkan.<\/p>\n<\/div><\/div><\/div>\n\n<div class=\"container\"><div class=\"lg:mx-auto max-w-2xl\"><div class=\"core_paragraph\">\n<p>\u00c5tg\u00e4rder som l\u00e4gre hastighet, underh\u00e5ll av utrustningen och alternativa rutter kan hj\u00e4lpa till att spara br\u00e4nsle. En l\u00e4gre hastighet inneb\u00e4r dock l\u00e5ngsammare leveranser. D\u00e4rf\u00f6r \u00e4r det viktigt att balansera hastighet och br\u00e4nsleeffektivitet. <\/p>\n<\/div><\/div><\/div>\n\n<div class=\"container\"><div class=\"lg:mx-auto max-w-2xl\"><div class=\"core_paragraph\">\n<p>H\u00e4r anv\u00e4nder vi ett d\u00e4ckt\u00e4tningsmedel som kallas f\u00f6r \u201dUltraseal\u201d. Vi s\u00e4krar d\u00e4rmed inte bara ett j\u00e4mnt d\u00e4cktryck och maximerar d\u00e4ckets livstid, utan vi minskar \u00e4ven d\u00e4ckens milj\u00f6p\u00e5verkan. Alla v\u00e5ra lastbilar \u00e4r utrustade med Stop &amp; Go-system och \u00e4r begr\u00e4nsade till en maxhastighet p\u00e5 84&nbsp;km\/tim.<\/p>\n<\/div><\/div><\/div>\n\n<div class=\"container\"><div class=\"lg:mx-auto max-w-2xl\"><div class=\"core_paragraph\">\n<p><\/p>\n<\/div><\/div><\/div>\n\n<div class=\"container\"><div class=\"lg:mx-auto max-w-2xl\"><div class=\"core_heading\">\n<h4><strong>Samlad frakt \u00e4r gr\u00f6nare frakt<\/strong><\/h4>\n<\/div><\/div><\/div>\n\n<div class=\"container\"><div class=\"lg:mx-auto max-w-2xl\"><div class=\"core_paragraph\">\n<p>Kapacitetsbrist \u00e4r en stor utmaning inom transportindustrin, eftersom hur mycket last som f\u00e5r plats i varje lastbil \u00e4r begr\u00e4nsat. Att utnyttja flottan p\u00e5 ett effektivt s\u00e4tt inneb\u00e4r att vara strategisk n\u00e4r det kommer till din leverans.<\/p>\n<\/div><\/div><\/div>\n\n<div class=\"container\"><div class=\"lg:mx-auto max-w-2xl\"><div class=\"core_paragraph\">\n<p><\/p>\n<\/div><\/div><\/div>\n\n<div class=\"container\"><div class=\"lg:mx-auto max-w-2xl\"><div class=\"core_heading\">\n<h4><strong>Klimatkompensation tillsammans<\/strong><\/h4>\n<\/div><\/div><\/div>\n\n<div class=\"container\"><div class=\"lg:mx-auto max-w-2xl\"><div class=\"core_paragraph\">\n<p>Som transport- och logistikf\u00f6retag anv\u00e4nder vi naturligt mycket fossila br\u00e4nslen och bidrar d\u00e4rf\u00f6r till tusentals ton koldioxidutsl\u00e4pp \u00e5rligen. Det \u00e4r sv\u00e5rt att f\u00f6r\u00e4ndra detta p\u00e5 kort sikt, men p\u00e5 Ancotrans har vi som m\u00e5l att erbjuda marknadens gr\u00f6naste transport.<\/p>\n<\/div><\/div><\/div>\n\n<div class=\"container\"><div class=\"lg:mx-auto max-w-2xl\"><div class=\"core_paragraph\">\n<p>Vi arbetar medvetet med att minska v\u00e5rt koldioxidavtryck med 25&nbsp;% till 2030 j\u00e4mf\u00f6rt med v\u00e5ra utsl\u00e4pp 2018. Tills vi kan uppn\u00e5 minskningen klimatkompenserar vi f\u00f6r att m\u00f6ta m\u00e5let f\u00f6r 2030.<\/p>\n<\/div><\/div><\/div>\n\n<div class=\"container\"><div class=\"lg:mx-auto max-w-2xl\"><div class=\"core_paragraph\">\n<p>Vi har d\u00e4rf\u00f6r best\u00e4mt oss f\u00f6r att avs\u00e4tta 5&nbsp;% av v\u00e5r \u00e5rliga vinst till att hitta nya initiativ som kan hj\u00e4lpa oss m\u00f6ta v\u00e5ra kompensationsm\u00e5l, v\u00e5r milj\u00f6strategi och v\u00e5rt m\u00e5l f\u00f6r 2030. <a href=\"https:\/\/forest.ancotrans.com\/\" target=\"_blank\" rel=\"noreferrer noopener\">En stor del av pengarna g\u00e5r till att plantera skog i Uganda, vilket du kan l\u00e4sa mer om h\u00e4r.<\/a><\/p>\n<\/div><\/div><\/div>\n\n<div class=\"container\"><div class=\"lg:mx-auto max-w-2xl\"><div class=\"core_spacer\">\n<div style=\"height:50px\" aria-hidden=\"true\" class=\"wp-block-spacer\"><\/div>\n<\/div><\/div><\/div>\n\n<div class=\"container\"><div class=\"lg:mx-auto max-w-2xl\"><div class=\"core_heading\">\n<h2><strong>L\u00e5t oss g\u00f6ra mer f\u00f6r v\u00e5r planet. Tillsammans kan vi skapa en gr\u00f6nare framtid.<\/strong><\/h2>\n<\/div><\/div><\/div>\n\n<div class=\"container\"><div class=\"lg:mx-auto max-w-2xl\"><div class=\"core_paragraph\">\n<p>Det \u00e4r ingen hemlighet att transport sl\u00e4pper ut bland de st\u00f6rsta m\u00e4ngderna av koldioxid och har en stor milj\u00f6p\u00e5verkan. Som tur \u00e4r finns det redan idag flera \u00e5tg\u00e4rder som du kan vidta f\u00f6r att minska ditt koldioxidavtryck.<\/p>\n<\/div><\/div><\/div>\n\n<div class=\"container\"><div class=\"lg:mx-auto max-w-2xl\"><div class=\"core_paragraph\">\n<p>Det \u00e4r inte en komplett lista, men den inneh\u00e5ller n\u00e5gra av s\u00e4tten som vi p\u00e5 Ancotrans f\u00f6rs\u00f6ker f\u00f6r\u00e4ndra transportindustrins koldioxidutsl\u00e4pp, lite i taget.<\/p>\n<\/div><\/div><\/div>\n\n<div class=\"container\"><div class=\"lg:mx-auto max-w-2xl\"><div class=\"core_spacer\">\n<div style=\"height:100px\" aria-hidden=\"true\" class=\"wp-block-spacer\"><\/div>\n<\/div><\/div><\/div>","protected":false},"excerpt":{"rendered":"<p>Transport och lastbilsfrakt forts\u00e4tter att bidra till koldioxidutsl\u00e4pp. Transportsektorn st\u00e5r f\u00f6r 25 procent av v\u00e4xthusgasutsl\u00e4pp, och lastbilstransporter st\u00e5r f\u00f6r \u2159 av de utsl\u00e4ppen. Hur kan vi minimera industrins koldioxidavtryck? En god nyhet \u00e4r att m\u00e5nga transportf\u00f6retag anstr\u00e4nger sig f\u00f6r att bli gr\u00f6nare och mer h\u00e5llbara, och har aktivt implementerat initiativ f\u00f6r att minska klimatp\u00e5verkan. Nedan [&hellip;]<\/p>\n","protected":false},"author":1,"featured_media":0,"comment_status":"open","ping_status":"open","sticky":false,"template":"","format":"standard","meta":[],"categories":[4],"tags":[],"segment":[],"acf":[],"yoast_head":"<!-- This site is optimized with the Yoast SEO plugin v19.14 - https:\/\/yoast.com\/wordpress\/plugins\/seo\/ -->\n<title>Minska din transports koldioxidavtryck - Ancotrans - Campaigns<\/title>\n<meta name=\"robots\" content=\"index, follow, max-snippet:-1, max-image-preview:large, max-video-preview:-1\" \/>\n<link rel=\"canonical\" href=\"https:\/\/campaigns.ancotrans.com\/sv\/minska-din-transports-koldioxidavtryck\/\" \/>\n<meta property=\"og:locale\" content=\"sv_SE\" \/>\n<meta property=\"og:type\" content=\"article\" \/>\n<meta property=\"og:title\" content=\"Minska din transports koldioxidavtryck - Ancotrans - Campaigns\" \/>\n<meta property=\"og:description\" content=\"Transport och lastbilsfrakt forts\u00e4tter att bidra till koldioxidutsl\u00e4pp. Transportsektorn st\u00e5r f\u00f6r 25 procent av v\u00e4xthusgasutsl\u00e4pp, och lastbilstransporter st\u00e5r f\u00f6r \u2159 av de utsl\u00e4ppen. Hur kan vi minimera industrins koldioxidavtryck? En god nyhet \u00e4r att m\u00e5nga transportf\u00f6retag anstr\u00e4nger sig f\u00f6r att bli gr\u00f6nare och mer h\u00e5llbara, och har aktivt implementerat initiativ f\u00f6r att minska klimatp\u00e5verkan. Nedan [&hellip;]\" \/>\n<meta property=\"og:url\" content=\"https:\/\/campaigns.ancotrans.com\/sv\/minska-din-transports-koldioxidavtryck\/\" \/>\n<meta property=\"og:site_name\" content=\"Ancotrans - Campaigns\" \/>\n<meta property=\"article:published_time\" content=\"2021-08-19T10:45:34+00:00\" \/>\n<meta property=\"article:modified_time\" content=\"2021-08-20T07:41:12+00:00\" \/>\n<meta name=\"author\" content=\"mindmill_admin\" \/>\n<meta name=\"twitter:card\" content=\"summary_large_image\" \/>\n<meta name=\"twitter:label1\" content=\"Skriven av\" \/>\n\t<meta name=\"twitter:data1\" content=\"mindmill_admin\" \/>\n\t<meta name=\"twitter:label2\" content=\"Ber\u00e4knad l\u00e4stid\" \/>\n\t<meta name=\"twitter:data2\" content=\"4 minuter\" \/>\n<script type=\"application\/ld+json\" class=\"yoast-schema-graph\">{\"@context\":\"https:\/\/schema.org\",\"@graph\":[{\"@type\":\"WebPage\",\"@id\":\"https:\/\/campaigns.ancotrans.com\/sv\/minska-din-transports-koldioxidavtryck\/\",\"url\":\"https:\/\/campaigns.ancotrans.com\/sv\/minska-din-transports-koldioxidavtryck\/\",\"name\":\"Minska din transports koldioxidavtryck - Ancotrans - Campaigns\",\"isPartOf\":{\"@id\":\"https:\/\/campaigns.ancotrans.com\/nl\/#website\"},\"datePublished\":\"2021-08-19T10:45:34+00:00\",\"dateModified\":\"2021-08-20T07:41:12+00:00\",\"author\":{\"@id\":\"https:\/\/campaigns.ancotrans.com\/nl\/#\/schema\/person\/a469c10c9df8eed1c200f5feb4aef0f0\"},\"inLanguage\":\"sv-SE\",\"potentialAction\":[{\"@type\":\"ReadAction\",\"target\":[\"https:\/\/campaigns.ancotrans.com\/sv\/minska-din-transports-koldioxidavtryck\/\"]}]},{\"@type\":\"WebSite\",\"@id\":\"https:\/\/campaigns.ancotrans.com\/nl\/#website\",\"url\":\"https:\/\/campaigns.ancotrans.com\/nl\/\",\"name\":\"Ancotrans - Campaigns\",\"description\":\"\",\"potentialAction\":[{\"@type\":\"SearchAction\",\"target\":{\"@type\":\"EntryPoint\",\"urlTemplate\":\"https:\/\/campaigns.ancotrans.com\/nl\/?s={search_term_string}\"},\"query-input\":\"required name=search_term_string\"}],\"inLanguage\":\"sv-SE\"},{\"@type\":\"Person\",\"@id\":\"https:\/\/campaigns.ancotrans.com\/nl\/#\/schema\/person\/a469c10c9df8eed1c200f5feb4aef0f0\",\"name\":\"mindmill_admin\",\"image\":{\"@type\":\"ImageObject\",\"inLanguage\":\"sv-SE\",\"@id\":\"https:\/\/campaigns.ancotrans.com\/nl\/#\/schema\/person\/image\/\",\"url\":\"https:\/\/secure.gravatar.com\/avatar\/9a7578577a311928867afad954672d7e?s=96&d=mm&r=g\",\"contentUrl\":\"https:\/\/secure.gravatar.com\/avatar\/9a7578577a311928867afad954672d7e?s=96&d=mm&r=g\",\"caption\":\"mindmill_admin\"},\"url\":\"https:\/\/campaigns.ancotrans.com\/sv\/author\/mindmill_admin\/\"}]}<\/script>\n<!-- \/ Yoast SEO plugin. -->","yoast_head_json":{"title":"Minska din transports koldioxidavtryck - Ancotrans - Campaigns","robots":{"index":"index","follow":"follow","max-snippet":"max-snippet:-1","max-image-preview":"max-image-preview:large","max-video-preview":"max-video-preview:-1"},"canonical":"https:\/\/campaigns.ancotrans.com\/sv\/minska-din-transports-koldioxidavtryck\/","og_locale":"sv_SE","og_type":"article","og_title":"Minska din transports koldioxidavtryck - Ancotrans - Campaigns","og_description":"Transport och lastbilsfrakt forts\u00e4tter att bidra till koldioxidutsl\u00e4pp. Transportsektorn st\u00e5r f\u00f6r 25 procent av v\u00e4xthusgasutsl\u00e4pp, och lastbilstransporter st\u00e5r f\u00f6r \u2159 av de utsl\u00e4ppen. Hur kan vi minimera industrins koldioxidavtryck? En god nyhet \u00e4r att m\u00e5nga transportf\u00f6retag anstr\u00e4nger sig f\u00f6r att bli gr\u00f6nare och mer h\u00e5llbara, och har aktivt implementerat initiativ f\u00f6r att minska klimatp\u00e5verkan. Nedan [&hellip;]","og_url":"https:\/\/campaigns.ancotrans.com\/sv\/minska-din-transports-koldioxidavtryck\/","og_site_name":"Ancotrans - Campaigns","article_published_time":"2021-08-19T10:45:34+00:00","article_modified_time":"2021-08-20T07:41:12+00:00","author":"mindmill_admin","twitter_card":"summary_large_image","twitter_misc":{"Skriven av":"mindmill_admin","Ber\u00e4knad l\u00e4stid":"4 minuter"},"schema":{"@context":"https:\/\/schema.org","@graph":[{"@type":"WebPage","@id":"https:\/\/campaigns.ancotrans.com\/sv\/minska-din-transports-koldioxidavtryck\/","url":"https:\/\/campaigns.ancotrans.com\/sv\/minska-din-transports-koldioxidavtryck\/","name":"Minska din transports koldioxidavtryck - Ancotrans - Campaigns","isPartOf":{"@id":"https:\/\/campaigns.ancotrans.com\/nl\/#website"},"datePublished":"2021-08-19T10:45:34+00:00","dateModified":"2021-08-20T07:41:12+00:00","author":{"@id":"https:\/\/campaigns.ancotrans.com\/nl\/#\/schema\/person\/a469c10c9df8eed1c200f5feb4aef0f0"},"inLanguage":"sv-SE","potentialAction":[{"@type":"ReadAction","target":["https:\/\/campaigns.ancotrans.com\/sv\/minska-din-transports-koldioxidavtryck\/"]}]},{"@type":"WebSite","@id":"https:\/\/campaigns.ancotrans.com\/nl\/#website","url":"https:\/\/campaigns.ancotrans.com\/nl\/","name":"Ancotrans - Campaigns","description":"","potentialAction":[{"@type":"SearchAction","target":{"@type":"EntryPoint","urlTemplate":"https:\/\/campaigns.ancotrans.com\/nl\/?s={search_term_string}"},"query-input":"required name=search_term_string"}],"inLanguage":"sv-SE"},{"@type":"Person","@id":"https:\/\/campaigns.ancotrans.com\/nl\/#\/schema\/person\/a469c10c9df8eed1c200f5feb4aef0f0","name":"mindmill_admin","image":{"@type":"ImageObject","inLanguage":"sv-SE","@id":"https:\/\/campaigns.ancotrans.com\/nl\/#\/schema\/person\/image\/","url":"https:\/\/secure.gravatar.com\/avatar\/9a7578577a311928867afad954672d7e?s=96&d=mm&r=g","contentUrl":"https:\/\/secure.gravatar.com\/avatar\/9a7578577a311928867afad954672d7e?s=96&d=mm&r=g","caption":"mindmill_admin"},"url":"https:\/\/campaigns.ancotrans.com\/sv\/author\/mindmill_admin\/"}]}},"_links":{"self":[{"href":"https:\/\/campaigns.ancotrans.com\/sv\/wp-json\/wp\/v2\/posts\/775"}],"collection":[{"href":"https:\/\/campaigns.ancotrans.com\/sv\/wp-json\/wp\/v2\/posts"}],"about":[{"href":"https:\/\/campaigns.ancotrans.com\/sv\/wp-json\/wp\/v2\/types\/post"}],"author":[{"embeddable":true,"href":"https:\/\/campaigns.ancotrans.com\/sv\/wp-json\/wp\/v2\/users\/1"}],"replies":[{"embeddable":true,"href":"https:\/\/campaigns.ancotrans.com\/sv\/wp-json\/wp\/v2\/comments?post=775"}],"version-history":[{"count":27,"href":"https:\/\/campaigns.ancotrans.com\/sv\/wp-json\/wp\/v2\/posts\/775\/revisions"}],"predecessor-version":[{"id":930,"href":"https:\/\/campaigns.ancotrans.com\/sv\/wp-json\/wp\/v2\/posts\/775\/revisions\/930"}],"wp:attachment":[{"href":"https:\/\/campaigns.ancotrans.com\/sv\/wp-json\/wp\/v2\/media?parent=775"}],"wp:term":[{"taxonomy":"category","embeddable":true,"href":"https:\/\/campaigns.ancotrans.com\/sv\/wp-json\/wp\/v2\/categories?post=775"},{"taxonomy":"post_tag","embeddable":true,"href":"https:\/\/campaigns.ancotrans.com\/sv\/wp-json\/wp\/v2\/tags?post=775"},{"taxonomy":"segment","embeddable":true,"href":"https:\/\/campaigns.ancotrans.com\/sv\/wp-json\/wp\/v2\/segment?post=775"}],"curies":[{"name":"wp","href":"https:\/\/api.w.org\/{rel}","templated":true}]}}