{"id":574,"date":"2021-06-29T16:15:26","date_gmt":"2021-06-29T14:15:26","guid":{"rendered":"https:\/\/campaigns.ancotrans.com\/?p=574"},"modified":"2021-08-17T08:46:49","modified_gmt":"2021-08-17T06:46:49","slug":"verklein-de-co2-footprint-van-uw-transport","status":"publish","type":"post","link":"https:\/\/campaigns.ancotrans.com\/nl\/verklein-de-co2-footprint-van-uw-transport\/","title":{"rendered":"Verklein de CO2-footprint van uw transport"},"content":{"rendered":"<div class=\"block-cta-advanced relative bg-cover bg-center bg-no-repeat pt-6 md:pt-12 lg:pt-12 pb-6 md:pb-12 lg:pb-12    theme-dark schema-bg-color-dark_background lazy-bg\"\n     id=\"\"\n\n     style=\"background-image: url('data:image\/gif;base64,R0lGODlhAQABAIAAAP\/\/\/\/\/\/\/yH5BAEKAAEALAAAAAABAAEAAAICTAEAOw==')\"\n     data-src=\"\"\n\n    data-design-type=\"type_4\"\n    >\n\n    \n\n    <div class=\"absolute inset-0 z-10\"\n         style=\"background-color: #004231; opacity: 1\"><\/div>\n\n    \n    \n        \n\n<div class=\"container relative z-10\">\n    <div class=\"pb-16 pt-20 md:pt-32 lg:py-32 relative\">\n        <div class=\"relative   mx-auto text-center \">\n\n            \n            <div class=\"relative z-10 \">\n                <header class=\"mb-3\">\n                                        <h1 class=\"\">\n                        Verklein de CO2-footprint van uw transport                    <\/h1>\n                <\/header>\n                <div class=\"wysiwyg-content  text-xl max-w-lg xl:max-w-xl mx-auto\">\n                    <p>Transport en vrachtvervoer leveren een belangrijke bijdrage aan onze CO<sub>2<\/sub>-uitstoot.<\/p>\n                <\/div>\n\n                            <\/div>\n        <\/div>\n    <\/div>\n\n    <\/div>\n    <\/div>\n\n\n<div class=\"container\"><div class=\"lg:mx-auto max-w-2xl\"><div class=\"core_spacer\">\n<div style=\"height:100px\" aria-hidden=\"true\" class=\"wp-block-spacer\"><\/div>\n<\/div><\/div><\/div>\n\n<div class=\"container\"><div class=\"lg:mx-auto max-w-2xl\"><div class=\"core_paragraph\">\n<p><strong>Transport en vrachtvervoer leveren een belangrijke bijdrage aan onze CO<sub>2<\/sub>-uitstoot. In concrete cijfers is de transportsector verantwoordelijk voor 25% van de broeikasgasuitstoot en vrachtwagens staan weer voor \u00e9\u00e9n zesde daarvan.<\/strong><\/p>\n<\/div><\/div><\/div>\n\n<div class=\"container\"><div class=\"lg:mx-auto max-w-2xl\"><div class=\"core_paragraph\">\n<p><strong>Dus hoe kunnen we de CO<sub>2<\/sub>-footprint van onze sector verkleinen?<\/strong><\/p>\n<\/div><\/div><\/div>\n\n<div class=\"container\"><div class=\"lg:mx-auto max-w-2xl\"><div class=\"core_paragraph\">\n<p><strong>Het goede nieuws is dat veel commerci\u00eble vrachtwagenbedrijven proberen om te vergroenen en verduurzamen en dat ze initiatieven ontwikkelen om hun impact op het klimaat te beperken.<\/strong><\/p>\n<\/div><\/div><\/div>\n\n<div class=\"container\"><div class=\"lg:mx-auto max-w-2xl\"><div class=\"core_paragraph\">\n<p><strong>Hieronder kunt u lezen welke onderwerpen u kunt bespreken met uw transportpartner om uw CO<sub>2<\/sub>-footprint te beperken.<\/strong><\/p>\n<\/div><\/div><\/div>\n\n<div class=\"container\"><div class=\"lg:mx-auto max-w-2xl\"><div class=\"core_spacer\">\n<div style=\"height:50px\" aria-hidden=\"true\" class=\"wp-block-spacer\"><\/div>\n<\/div><\/div><\/div>\n\n<div class=\"container\"><div class=\"lg:mx-auto max-w-2xl\"><div class=\"core_heading\">\n<h2><strong><strong>Rijden voor een beter klimaat<\/strong><\/strong><\/h2>\n<\/div><\/div><\/div>\n\n<div class=\"container\"><div class=\"lg:mx-auto max-w-2xl\"><div class=\"core_paragraph\">\n<p>De druk om uw CO<sub>2<\/sub>-footprint te verkleinen zal de komende jaren alleen maar toenemen. Dus hoe zorgt u ervoor dat uw bedrijf vervuiling tegengaat en de CO<sub>2<\/sub>-footprint van uw verzendingen vermindert?<\/p>\n<\/div><\/div><\/div>\n\n<div class=\"container\"><div class=\"lg:mx-auto max-w-2xl\"><div class=\"core_paragraph\">\n<p>Wij geloven dat de volgende drie onderwerpen essentieel zijn om onze maatschappelijke doelstellingen met betrekking tot het klimaat te realiseren:<\/p>\n<\/div><\/div><\/div>\n\n<div class=\"container\"><div class=\"lg:mx-auto max-w-2xl\"><div class=\"core_list\">\n<ul><li>Technologische vooruitgang en effici\u00ebntere voertuigen<\/li><li>Opleidingen en trainingen<\/li><li>Correctie en compensatie voor emissies<\/li><\/ul>\n<\/div><\/div><\/div>\n\n<div class=\"container\"><div class=\"lg:mx-auto max-w-2xl\"><div class=\"core_spacer\">\n<div style=\"height:50px\" aria-hidden=\"true\" class=\"wp-block-spacer\"><\/div>\n<\/div><\/div><\/div>\n\n<div class=\"block-testimonials bg-cover bg-center bg-no-repeat relative overflow-hidden  pt-0 pb-0 theme-dark schema-bg-color-dark_background\"\n     id=\"\" style=\"background-image: url('')\">\n\n            <div class=\"absolute inset-0\" style=\"background-color: rgba(0,66,49, 0.99)\"><\/div>\n    \n            <div class=\"absolute top-0 h-24 w-full text-center z-30 mt-6 leading-none opacity-50\" style=\"font-size: 14rem;\">&#8220;<\/div>\n    \n            <div class=\"vue-component-wrapper w-full relative z-10\">\n            <el-testimonial-carousel\n                        :autoplay=\"{&quot;active&quot;:false,&quot;speed&quot;:&quot;5000&quot;}\"\n                      overlay-theme=\"dark\"\n                                     :json=\"[{&quot;quote&quot;:&quot;&lt;p&gt;Zware voertuigen \\u2013 vrachtwagens en bussen \\u2013 zijn verantwoordelijk voor ongeveer een kwart van de CO2-uitstoot van het wegvervoer in Europa en voor ongeveer 5% van de totale uitstoot in de EU.&lt;\\\/p&gt;\\n&quot;,&quot;author&quot;:{&quot;name&quot;:&quot;Europese Commissie, klimaat en transport&quot;,&quot;job_title&quot;:&quot;&quot;,&quot;company&quot;:&quot;&quot;,&quot;image&quot;:false},&quot;background_image&quot;:false,&quot;overlay_color&quot;:&quot;&quot;,&quot;overlay_opacity&quot;:&quot;70&quot;,&quot;id&quot;:0,&quot;overlay_color_rgb&quot;:&quot;rgba(0,66,49, 0.99)&quot;}]\"><\/el-testimonial-carousel>\n        <\/div>\n    <\/div>\n\n\n\n<div class=\"container\"><div class=\"lg:mx-auto max-w-2xl\"><div class=\"core_spacer\">\n<div style=\"height:50px\" aria-hidden=\"true\" class=\"wp-block-spacer\"><\/div>\n<\/div><\/div><\/div>\n\n<div class=\"container\"><div class=\"lg:mx-auto max-w-2xl\"><div class=\"core_paragraph\">\n<p>Bij Ancotrans weten we dat mooie woorden niet genoeg zijn om ons klimaat te redden \u2013 wat we nodig hebben zijn initiatieven die de uitstoot echt beperken. Tegelijkertijd bestaat er een duidelijke link tussen groene initiatieven en commerci\u00eble overwegingen.<\/p>\n<\/div><\/div><\/div>\n\n<div class=\"container\"><div class=\"lg:mx-auto max-w-2xl\"><div class=\"core_paragraph\">\n<p>De groene transitie die wij in gang hebben gezet heeft een duidelijk commercieel doel. Wij geloven dat we onze CO<sub>2<\/sub>-uitstoot kunnen beperken en tegelijkertijd onze resultaten kunnen verbeteren.<\/p>\n<\/div><\/div><\/div>\n\n<div class=\"container\"><div class=\"lg:mx-auto max-w-2xl\"><div class=\"core_spacer\">\n<div style=\"height:50px\" aria-hidden=\"true\" class=\"wp-block-spacer\"><\/div>\n<\/div><\/div><\/div>\n\n<div class=\"container\"><div class=\"lg:mx-auto max-w-2xl\"><div class=\"core_heading\">\n<h2><strong>6 belangrijke maatregelen om de CO<sub>2<\/sub>-footprint van uw bedrijf te verkleinen<\/strong><\/h2>\n<\/div><\/div><\/div>\n\n<div class=\"container\"><div class=\"lg:mx-auto max-w-2xl\"><div class=\"core_heading\">\n<h4><strong>Technologische vooruitgang<\/strong><\/h4>\n<\/div><\/div><\/div>\n\n<div class=\"container\"><div class=\"lg:mx-auto max-w-2xl\"><div class=\"core_paragraph\">\n<p>Technologische vooruitgang is een belangrijke katalysator voor groener transport.<\/p>\n<\/div><\/div><\/div>\n\n<div class=\"container\"><div class=\"lg:mx-auto max-w-2xl\"><div class=\"core_paragraph\">\n<p>Innovatieve oplossingen zoals een lager gewicht, zuinigere motoren en betere banden verhogen de effici\u00ebntie van voertuigen en verlagen het brandstofverbruik van ons vrachtvervoer.<\/p>\n<\/div><\/div><\/div>\n\n<div class=\"container\"><div class=\"lg:mx-auto max-w-2xl\"><div class=\"core_paragraph\">\n<p>ANCOTRANS blijft voorop lopen in de zoektocht naar groenere alternatieven voor de transportsector, nu ook op het gebied van zijladers. We werken samen met een van onze leveranciers van zijladers, Hammar, <a href=\"https:\/\/ancotrans.com\/services\/sideloaders\/\" target=\"_blank\" rel=\"noreferrer noopener\">om als eerste bedrijf in Europa elektrische zijladers te introduceren en gebruiken<\/a>. Daarnaast hebben we nu LNG-vrachtwagens die bijna geen fijnstof uitstoten en veel CO<sub>2<\/sub>-neutraler zijn.<\/p>\n<\/div><\/div><\/div>\n\n<div class=\"container\"><div class=\"lg:mx-auto max-w-2xl\"><div class=\"core_paragraph\">\n<p><\/p>\n<\/div><\/div><\/div>\n\n<div class=\"container\"><div class=\"lg:mx-auto max-w-2xl\"><div class=\"core_heading\">\n<h4><strong>Brandstof<\/strong><\/h4>\n<\/div><\/div><\/div>\n\n<div class=\"container\"><div class=\"lg:mx-auto max-w-2xl\"><div class=\"core_paragraph\">\n<p>Brandstof is heel belangrijk als de transportsector zijn broeikasgasuitstoot wil verminderen. Tegenwoordig zijn er al veel koolstofarme brandstoffen verkrijgbaar en in de toekomst zullen dat er alleen maar meer worden. Dat is goed voor het klimaat, maar veel van die nieuwe brandstoffen \u2013 zoals LNG \u2013 kunnen ook de brandstofkosten van uw bedrijf verlagen.<\/p>\n<\/div><\/div><\/div>\n\n<div class=\"container\"><div class=\"lg:mx-auto max-w-2xl\"><div class=\"core_paragraph\">\n<p><br><\/p>\n<\/div><\/div><\/div>\n\n<div class=\"container\"><div class=\"lg:mx-auto max-w-2xl\"><div class=\"core_heading\">\n<h4><strong>Slimmer plannen\u00a0<\/strong><\/h4>\n<\/div><\/div><\/div>\n\n<div class=\"container\"><div class=\"lg:mx-auto max-w-2xl\"><div class=\"core_paragraph\">\n<p>Door containers zo veel mogelijk opnieuw te laden en hergebruiken, neemt het aantal &#8216;lege kilometers&#8217; zeer waarschijnlijk af en wordt er minder CO<sub>2<\/sub> uitgestoten door de machines die de containers in depots en terminals verwerken. Zo is onze eigen vloot voorzien van diverse LZV\u2019s (lang zwaar voertuig), waardoor \u00e9\u00e9n vrachtwagen tot wel drie containers kan vervoeren, waardoor de CO<sub>2<\/sub>-uitstoot per container aanzienlijk afneemt.<\/p>\n<\/div><\/div><\/div>\n\n<div class=\"container\"><div class=\"lg:mx-auto max-w-2xl\"><div class=\"core_paragraph\">\n<p><\/p>\n<\/div><\/div><\/div>\n\n<div class=\"container\"><div class=\"lg:mx-auto max-w-2xl\"><div class=\"core_heading\">\n<h4><strong>Opleiding en training van chauffeurs<\/strong><\/h4>\n<\/div><\/div><\/div>\n\n<div class=\"container\"><div class=\"lg:mx-auto max-w-2xl\"><div class=\"core_paragraph\">\n<p>De chauffeurs van Ancotrans volgen elk jaar nieuwe ECO-rijcursussen. Dit doen we om ervoor te zorgen dat iedereen weet hoe hij of zij de impact op het milieu zo veel mogelijk kan beperken.<\/p>\n<\/div><\/div><\/div>\n\n<div class=\"container\"><div class=\"lg:mx-auto max-w-2xl\"><div class=\"core_paragraph\">\n<p>Door minder snel te rijden, equipment goed te onderhouden en andere routes te kiezen, kunnen we brandstof besparen. Maar een lagere snelheid betekent automatisch ook latere leveringen. En dus is het heel belangrijk om een goede balans te vinden tussen snelheid en brandstofeffici\u00ebntie. <\/p>\n<\/div><\/div><\/div>\n\n<div class=\"container\"><div class=\"lg:mx-auto max-w-2xl\"><div class=\"core_paragraph\">\n<p>Wij gebruiken een bandafdichtmiddel dat &#8216;Ultraseal&#8217; wordt genoemd. Zo garanderen we niet alleen een constante bandenspanning en een maximale levensduur, maar we verkleinen zo ook de milieu-impact van onze banden. Al onze vrachtwagens zijn uitgerust met Stop &amp; Go-systemen en hebben een snelheidsbeperking van 84km\/u.<\/p>\n<\/div><\/div><\/div>\n\n<div class=\"container\"><div class=\"lg:mx-auto max-w-2xl\"><div class=\"core_paragraph\">\n<p><\/p>\n<\/div><\/div><\/div>\n\n<div class=\"container\"><div class=\"lg:mx-auto max-w-2xl\"><div class=\"core_heading\">\n<h4><strong>Geconsolideerde vracht is groenere vracht<\/strong><\/h4>\n<\/div><\/div><\/div>\n\n<div class=\"container\"><div class=\"lg:mx-auto max-w-2xl\"><div class=\"core_paragraph\">\n<p>Omdat de lading die in een vrachtwagen past natuurlijk beperkt is, is capaciteitstekort een grote uitdaging voor de transportsector. Om uw vloot zo effici\u00ebnt mogelijk in te zetten, moet u dus strategisch nadenken over uw transporten.<\/p>\n<\/div><\/div><\/div>\n\n<div class=\"container\"><div class=\"lg:mx-auto max-w-2xl\"><div class=\"core_paragraph\">\n<p><\/p>\n<\/div><\/div><\/div>\n\n<div class=\"container\"><div class=\"lg:mx-auto max-w-2xl\"><div class=\"core_heading\">\n<h4><strong>Verantwoordelijke koolstofcompensatie<\/strong><\/h4>\n<\/div><\/div><\/div>\n\n<div class=\"container\"><div class=\"lg:mx-auto max-w-2xl\"><div class=\"core_paragraph\">\n<p>Als transportbedrijf en logistieke onderneming verbruiken we veel fossiele brandstoffen en stoten we ieder jaar duizenden tonnen CO<sub>2<\/sub> uit. Dingen op korte termijn veranderen is altijd een uitdaging, maar bij Ancotrans hebben we ons voorgenomen om het groenste transport in onze markten aan te bieden.<\/p>\n<\/div><\/div><\/div>\n\n<div class=\"container\"><div class=\"lg:mx-auto max-w-2xl\"><div class=\"core_paragraph\">\n<p>We zijn druk bezig om onze CO<sub>2<\/sub>-footprint in 2030 te verminderen met 25% ten opzichte van 2018. En totdat we deze doelstelling bereiken, willen we klimaatcompensatie gebruiken om onze doelstelling voor 2030 te halen.<\/p>\n<\/div><\/div><\/div>\n\n<div class=\"container\"><div class=\"lg:mx-auto max-w-2xl\"><div class=\"core_paragraph\">\n<p>Daarom hebben we besloten om een bedrag ter hoogte van 5% van onze jaarlijkse winst te gebruiken om nieuwe initiatieven te ontwikkelen die een bijdrage kunnen leveren aan onze compensatiedoelstellingen, milieustrategie en de uiteindelijke doelstelling voor 2030. <a href=\"https:\/\/forest.ancotrans.com\/\" target=\"_blank\" rel=\"noreferrer noopener\">Een groot deel van dit geld wordt besteed aan de aanleg van bossen in Oeganda. Daar kunt u hier meer over lezen<\/a>.<\/p>\n<\/div><\/div><\/div>\n\n<div class=\"container\"><div class=\"lg:mx-auto max-w-2xl\"><div class=\"core_spacer\">\n<div style=\"height:50px\" aria-hidden=\"true\" class=\"wp-block-spacer\"><\/div>\n<\/div><\/div><\/div>\n\n<div class=\"container\"><div class=\"lg:mx-auto max-w-2xl\"><div class=\"core_heading\">\n<h2><strong>Laten we meer doen voor onze planeet. Samen kunnen we werken aan een groenere toekomst.<\/strong><\/h2>\n<\/div><\/div><\/div>\n\n<div class=\"container\"><div class=\"lg:mx-auto max-w-2xl\"><div class=\"core_paragraph\">\n<p>Het is geen geheim dat de transportsector een enorme impact heeft op het milieu en de totale CO<sub>2<\/sub>-uitstoot. Gelukkig zijn er al verschillende dingen die u kunt doen om uw CO<sub>2<\/sub>-footprint te verkleinen of compenseren.<\/p>\n<\/div><\/div><\/div>\n\n<div class=\"container\"><div class=\"lg:mx-auto max-w-2xl\"><div class=\"core_paragraph\">\n<p>Dit overzicht is niet volledig, maar beschrijft een aantal manieren waarop we bij Ancotrans onze CO<sub>2<\/sub>-uitstoot proberen te beperken.<\/p>\n<\/div><\/div><\/div>\n\n<div class=\"container\"><div class=\"lg:mx-auto max-w-2xl\"><div class=\"core_spacer\">\n<div style=\"height:100px\" aria-hidden=\"true\" class=\"wp-block-spacer\"><\/div>\n<\/div><\/div><\/div>","protected":false},"excerpt":{"rendered":"<p>Transport en vrachtvervoer leveren een belangrijke bijdrage aan onze CO2-uitstoot. In concrete cijfers is de transportsector verantwoordelijk voor 25% van de broeikasgasuitstoot en vrachtwagens staan weer voor \u00e9\u00e9n zesde daarvan. Dus hoe kunnen we de CO2-footprint van onze sector verkleinen? Het goede nieuws is dat veel commerci\u00eble vrachtwagenbedrijven proberen om te vergroenen en verduurzamen en [&hellip;]<\/p>\n","protected":false},"author":1,"featured_media":0,"comment_status":"open","ping_status":"open","sticky":false,"template":"","format":"standard","meta":[],"categories":[2],"tags":[],"segment":[],"acf":[],"yoast_head":"<!-- This site is optimized with the Yoast SEO plugin v19.14 - https:\/\/yoast.com\/wordpress\/plugins\/seo\/ -->\n<title>Verklein de CO2-footprint van uw transport - Ancotrans - Campaigns<\/title>\n<meta name=\"robots\" content=\"index, follow, max-snippet:-1, max-image-preview:large, max-video-preview:-1\" \/>\n<link rel=\"canonical\" href=\"https:\/\/campaigns.ancotrans.com\/nl\/verklein-de-co2-footprint-van-uw-transport\/\" \/>\n<meta property=\"og:locale\" content=\"nl_NL\" \/>\n<meta property=\"og:type\" content=\"article\" \/>\n<meta property=\"og:title\" content=\"Verklein de CO2-footprint van uw transport - Ancotrans - Campaigns\" \/>\n<meta property=\"og:description\" content=\"Transport en vrachtvervoer leveren een belangrijke bijdrage aan onze CO2-uitstoot. In concrete cijfers is de transportsector verantwoordelijk voor 25% van de broeikasgasuitstoot en vrachtwagens staan weer voor \u00e9\u00e9n zesde daarvan. Dus hoe kunnen we de CO2-footprint van onze sector verkleinen? Het goede nieuws is dat veel commerci\u00eble vrachtwagenbedrijven proberen om te vergroenen en verduurzamen en [&hellip;]\" \/>\n<meta property=\"og:url\" content=\"https:\/\/campaigns.ancotrans.com\/nl\/verklein-de-co2-footprint-van-uw-transport\/\" \/>\n<meta property=\"og:site_name\" content=\"Ancotrans - Campaigns\" \/>\n<meta property=\"article:published_time\" content=\"2021-06-29T14:15:26+00:00\" \/>\n<meta property=\"article:modified_time\" content=\"2021-08-17T06:46:49+00:00\" \/>\n<meta name=\"author\" content=\"mindmill_admin\" \/>\n<meta name=\"twitter:card\" content=\"summary_large_image\" \/>\n<meta name=\"twitter:label1\" content=\"Geschreven door\" \/>\n\t<meta name=\"twitter:data1\" content=\"mindmill_admin\" \/>\n\t<meta name=\"twitter:label2\" content=\"Geschatte leestijd\" \/>\n\t<meta name=\"twitter:data2\" content=\"4 minuten\" \/>\n<script type=\"application\/ld+json\" class=\"yoast-schema-graph\">{\"@context\":\"https:\/\/schema.org\",\"@graph\":[{\"@type\":\"WebPage\",\"@id\":\"https:\/\/campaigns.ancotrans.com\/nl\/verklein-de-co2-footprint-van-uw-transport\/\",\"url\":\"https:\/\/campaigns.ancotrans.com\/nl\/verklein-de-co2-footprint-van-uw-transport\/\",\"name\":\"Verklein de CO2-footprint van uw transport - Ancotrans - Campaigns\",\"isPartOf\":{\"@id\":\"https:\/\/campaigns.ancotrans.com\/nl\/#website\"},\"datePublished\":\"2021-06-29T14:15:26+00:00\",\"dateModified\":\"2021-08-17T06:46:49+00:00\",\"author\":{\"@id\":\"https:\/\/campaigns.ancotrans.com\/nl\/#\/schema\/person\/a469c10c9df8eed1c200f5feb4aef0f0\"},\"inLanguage\":\"nl\",\"potentialAction\":[{\"@type\":\"ReadAction\",\"target\":[\"https:\/\/campaigns.ancotrans.com\/nl\/verklein-de-co2-footprint-van-uw-transport\/\"]}]},{\"@type\":\"WebSite\",\"@id\":\"https:\/\/campaigns.ancotrans.com\/nl\/#website\",\"url\":\"https:\/\/campaigns.ancotrans.com\/nl\/\",\"name\":\"Ancotrans - Campaigns\",\"description\":\"\",\"potentialAction\":[{\"@type\":\"SearchAction\",\"target\":{\"@type\":\"EntryPoint\",\"urlTemplate\":\"https:\/\/campaigns.ancotrans.com\/nl\/?s={search_term_string}\"},\"query-input\":\"required name=search_term_string\"}],\"inLanguage\":\"nl\"},{\"@type\":\"Person\",\"@id\":\"https:\/\/campaigns.ancotrans.com\/nl\/#\/schema\/person\/a469c10c9df8eed1c200f5feb4aef0f0\",\"name\":\"mindmill_admin\",\"image\":{\"@type\":\"ImageObject\",\"inLanguage\":\"nl\",\"@id\":\"https:\/\/campaigns.ancotrans.com\/nl\/#\/schema\/person\/image\/\",\"url\":\"https:\/\/secure.gravatar.com\/avatar\/9a7578577a311928867afad954672d7e?s=96&d=mm&r=g\",\"contentUrl\":\"https:\/\/secure.gravatar.com\/avatar\/9a7578577a311928867afad954672d7e?s=96&d=mm&r=g\",\"caption\":\"mindmill_admin\"},\"url\":\"https:\/\/campaigns.ancotrans.com\/nl\/author\/mindmill_admin\/\"}]}<\/script>\n<!-- \/ Yoast SEO plugin. -->","yoast_head_json":{"title":"Verklein de CO2-footprint van uw transport - Ancotrans - Campaigns","robots":{"index":"index","follow":"follow","max-snippet":"max-snippet:-1","max-image-preview":"max-image-preview:large","max-video-preview":"max-video-preview:-1"},"canonical":"https:\/\/campaigns.ancotrans.com\/nl\/verklein-de-co2-footprint-van-uw-transport\/","og_locale":"nl_NL","og_type":"article","og_title":"Verklein de CO2-footprint van uw transport - Ancotrans - Campaigns","og_description":"Transport en vrachtvervoer leveren een belangrijke bijdrage aan onze CO2-uitstoot. In concrete cijfers is de transportsector verantwoordelijk voor 25% van de broeikasgasuitstoot en vrachtwagens staan weer voor \u00e9\u00e9n zesde daarvan. Dus hoe kunnen we de CO2-footprint van onze sector verkleinen? Het goede nieuws is dat veel commerci\u00eble vrachtwagenbedrijven proberen om te vergroenen en verduurzamen en [&hellip;]","og_url":"https:\/\/campaigns.ancotrans.com\/nl\/verklein-de-co2-footprint-van-uw-transport\/","og_site_name":"Ancotrans - Campaigns","article_published_time":"2021-06-29T14:15:26+00:00","article_modified_time":"2021-08-17T06:46:49+00:00","author":"mindmill_admin","twitter_card":"summary_large_image","twitter_misc":{"Geschreven door":"mindmill_admin","Geschatte leestijd":"4 minuten"},"schema":{"@context":"https:\/\/schema.org","@graph":[{"@type":"WebPage","@id":"https:\/\/campaigns.ancotrans.com\/nl\/verklein-de-co2-footprint-van-uw-transport\/","url":"https:\/\/campaigns.ancotrans.com\/nl\/verklein-de-co2-footprint-van-uw-transport\/","name":"Verklein de CO2-footprint van uw transport - Ancotrans - Campaigns","isPartOf":{"@id":"https:\/\/campaigns.ancotrans.com\/nl\/#website"},"datePublished":"2021-06-29T14:15:26+00:00","dateModified":"2021-08-17T06:46:49+00:00","author":{"@id":"https:\/\/campaigns.ancotrans.com\/nl\/#\/schema\/person\/a469c10c9df8eed1c200f5feb4aef0f0"},"inLanguage":"nl","potentialAction":[{"@type":"ReadAction","target":["https:\/\/campaigns.ancotrans.com\/nl\/verklein-de-co2-footprint-van-uw-transport\/"]}]},{"@type":"WebSite","@id":"https:\/\/campaigns.ancotrans.com\/nl\/#website","url":"https:\/\/campaigns.ancotrans.com\/nl\/","name":"Ancotrans - Campaigns","description":"","potentialAction":[{"@type":"SearchAction","target":{"@type":"EntryPoint","urlTemplate":"https:\/\/campaigns.ancotrans.com\/nl\/?s={search_term_string}"},"query-input":"required name=search_term_string"}],"inLanguage":"nl"},{"@type":"Person","@id":"https:\/\/campaigns.ancotrans.com\/nl\/#\/schema\/person\/a469c10c9df8eed1c200f5feb4aef0f0","name":"mindmill_admin","image":{"@type":"ImageObject","inLanguage":"nl","@id":"https:\/\/campaigns.ancotrans.com\/nl\/#\/schema\/person\/image\/","url":"https:\/\/secure.gravatar.com\/avatar\/9a7578577a311928867afad954672d7e?s=96&d=mm&r=g","contentUrl":"https:\/\/secure.gravatar.com\/avatar\/9a7578577a311928867afad954672d7e?s=96&d=mm&r=g","caption":"mindmill_admin"},"url":"https:\/\/campaigns.ancotrans.com\/nl\/author\/mindmill_admin\/"}]}},"_links":{"self":[{"href":"https:\/\/campaigns.ancotrans.com\/nl\/wp-json\/wp\/v2\/posts\/574"}],"collection":[{"href":"https:\/\/campaigns.ancotrans.com\/nl\/wp-json\/wp\/v2\/posts"}],"about":[{"href":"https:\/\/campaigns.ancotrans.com\/nl\/wp-json\/wp\/v2\/types\/post"}],"author":[{"embeddable":true,"href":"https:\/\/campaigns.ancotrans.com\/nl\/wp-json\/wp\/v2\/users\/1"}],"replies":[{"embeddable":true,"href":"https:\/\/campaigns.ancotrans.com\/nl\/wp-json\/wp\/v2\/comments?post=574"}],"version-history":[{"count":7,"href":"https:\/\/campaigns.ancotrans.com\/nl\/wp-json\/wp\/v2\/posts\/574\/revisions"}],"predecessor-version":[{"id":762,"href":"https:\/\/campaigns.ancotrans.com\/nl\/wp-json\/wp\/v2\/posts\/574\/revisions\/762"}],"wp:attachment":[{"href":"https:\/\/campaigns.ancotrans.com\/nl\/wp-json\/wp\/v2\/media?parent=574"}],"wp:term":[{"taxonomy":"category","embeddable":true,"href":"https:\/\/campaigns.ancotrans.com\/nl\/wp-json\/wp\/v2\/categories?post=574"},{"taxonomy":"post_tag","embeddable":true,"href":"https:\/\/campaigns.ancotrans.com\/nl\/wp-json\/wp\/v2\/tags?post=574"},{"taxonomy":"segment","embeddable":true,"href":"https:\/\/campaigns.ancotrans.com\/nl\/wp-json\/wp\/v2\/segment?post=574"}],"curies":[{"name":"wp","href":"https:\/\/api.w.org\/{rel}","templated":true}]}}