{"id":858,"date":"2021-08-19T13:36:57","date_gmt":"2021-08-19T11:36:57","guid":{"rendered":"https:\/\/campaigns.ancotrans.com\/?p=858"},"modified":"2021-08-20T09:39:50","modified_gmt":"2021-08-20T07:39:50","slug":"optimieren-sie-die-klimabilanz-ihrer-transporte","status":"publish","type":"post","link":"https:\/\/campaigns.ancotrans.com\/de\/optimieren-sie-die-klimabilanz-ihrer-transporte\/","title":{"rendered":"Optimieren Sie die Klimabilanz Ihrer Transporte"},"content":{"rendered":"<div class=\"block-cta-advanced relative bg-cover bg-center bg-no-repeat pt-6 md:pt-12 lg:pt-12 pb-6 md:pb-12 lg:pb-12    theme-dark schema-bg-color-dark_background lazy-bg\"\n     id=\"\"\n\n     style=\"background-image: url('data:image\/gif;base64,R0lGODlhAQABAIAAAP\/\/\/\/\/\/\/yH5BAEKAAEALAAAAAABAAEAAAICTAEAOw==')\"\n     data-src=\"https:\/\/campaigns.ancotrans.com\/wp-content\/uploads\/sites\/159\/2021\/08\/0N6A2255.png\"\n\n    data-design-type=\"type_4\"\n    >\n\n    \n\n    <div class=\"absolute inset-0 z-10\"\n         style=\"background-color: #004231; opacity: 0.70\"><\/div>\n\n    \n    \n        \n\n<div class=\"container relative z-10\">\n    <div class=\"pb-16 pt-20 md:pt-32 lg:py-32 relative\">\n        <div class=\"relative   mx-auto text-center \">\n\n            \n            <div class=\"relative z-10 \">\n                <header class=\"mb-3\">\n                                        <h1 class=\"\">\n                        Optimieren Sie die Klimabilanz Ihrer Transporte                    <\/h1>\n                <\/header>\n                <div class=\"wysiwyg-content  text-xl max-w-lg xl:max-w-xl mx-auto\">\n                    <p>Der Transportsektor und der Frachtverkehr sind auch weiterhin ein wichtiger Faktor in Bezug auf die CO<sub>2<\/sub>-Emissionen<\/p>\n                <\/div>\n\n                            <\/div>\n        <\/div>\n    <\/div>\n\n    <\/div>\n    <\/div>\n\n\n<div class=\"container\"><div class=\"lg:mx-auto max-w-2xl\"><div class=\"core_spacer\">\n<div style=\"height:100px\" aria-hidden=\"true\" class=\"wp-block-spacer\"><\/div>\n<\/div><\/div><\/div>\n\n<div class=\"container\"><div class=\"lg:mx-auto max-w-2xl\"><div class=\"core_paragraph\">\n<p><strong>Der Transportsektor und der Frachtverkehr sind auch weiterhin ein wichtiger Faktor in Bezug auf die CO<sub>2<\/sub>-Emissionen. Tats\u00e4chlich ist der Transportsektor f\u00fcr 25&nbsp;% der Treibhausgasemissionen verantwortlich. Lkw-Transporte machen ein Sechstel dieser Zahl aus.<\/strong><\/p>\n<\/div><\/div><\/div>\n\n<div class=\"container\"><div class=\"lg:mx-auto max-w-2xl\"><div class=\"core_paragraph\">\n<p><strong>Wie also k\u00f6nnen wir den CO<sub>2<\/sub>-Fu\u00dfabdruck der Branche verkleinern?<\/strong><\/p>\n<\/div><\/div><\/div>\n\n<div class=\"container\"><div class=\"lg:mx-auto max-w-2xl\"><div class=\"core_paragraph\">\n<p><strong>Die gute Nachricht: Viele Lkw-Transportunternehmen bem\u00fchen sich bereits um umweltfreundlichere und nachhaltigere Praktiken und haben aktiv Ma\u00dfnahmen zur Senkung der Klimaauswirkungen umgesetzt.<\/strong><\/p>\n<\/div><\/div><\/div>\n\n<div class=\"container\"><div class=\"lg:mx-auto max-w-2xl\"><div class=\"core_paragraph\">\n<p><strong>Weitere Informationen dar\u00fcber, welche Themen Sie mit Ihrem Transportpartner im Hinblick auf die Optimierung Ihrer Klimabilanz besprechen k\u00f6nnen, finden Sie unten.<\/strong><\/p>\n<\/div><\/div><\/div>\n\n<div class=\"container\"><div class=\"lg:mx-auto max-w-2xl\"><div class=\"core_spacer\">\n<div style=\"height:50px\" aria-hidden=\"true\" class=\"wp-block-spacer\"><\/div>\n<\/div><\/div><\/div>\n\n<div class=\"container\"><div class=\"lg:mx-auto max-w-2xl\"><div class=\"core_heading\">\n<h2><strong><strong>Fahren f\u00fcr ein besseres Klima<\/strong><\/strong><\/h2>\n<\/div><\/div><\/div>\n\n<div class=\"container\"><div class=\"lg:mx-auto max-w-2xl\"><div class=\"core_paragraph\">\n<p>Der Druck, den CO<sub>2<\/sub>-Fu\u00dfabdruck zu verkleinern, wird in den kommenden Jahren noch weiter zunehmen. Wie k\u00f6nnen Sie also sicherstellen, dass Ihr Unternehmen die Umweltbelastung bek\u00e4mpft und den CO<sub>2<\/sub>-Fu\u00dfabdruck Ihrer Transporte verkleinert?<\/p>\n<\/div><\/div><\/div>\n\n<div class=\"container\"><div class=\"lg:mx-auto max-w-2xl\"><div class=\"core_paragraph\">\n<p>Wir sind der Meinung, dass die Antwort auf die Frage, wie wir unsere gesellschaftlichen Ziele in Bezug auf das Klima erreichen k\u00f6nnen, drei gro\u00dfe Bereiche betrifft:<\/p>\n<\/div><\/div><\/div>\n\n<div class=\"container\"><div class=\"lg:mx-auto max-w-2xl\"><div class=\"core_list\">\n<ul><li>Technologischer Fortschritt und zunehmende Effizienz der Fahrzeuge<\/li><li>Schulung und Weiterbildung<\/li><li>Kompensation von Emissionen<\/li><\/ul>\n<\/div><\/div><\/div>\n\n<div class=\"container\"><div class=\"lg:mx-auto max-w-2xl\"><div class=\"core_spacer\">\n<div style=\"height:50px\" aria-hidden=\"true\" class=\"wp-block-spacer\"><\/div>\n<\/div><\/div><\/div>\n\n<div class=\"block-testimonials bg-cover bg-center bg-no-repeat relative overflow-hidden  pt-0 pb-0 theme-dark schema-bg-color-dark_background\"\n     id=\"\" style=\"background-image: url('')\">\n\n            <div class=\"absolute inset-0\" style=\"background-color: rgba(0,66,49, 0.99)\"><\/div>\n    \n    \n            <div class=\"vue-component-wrapper w-full relative z-10\">\n            <el-testimonial-carousel\n                        :autoplay=\"{&quot;active&quot;:false,&quot;speed&quot;:&quot;5000&quot;}\"\n                      overlay-theme=\"dark\"\n                                     :json=\"[{&quot;quote&quot;:&quot;&lt;p&gt;&#8222;Schwerlastfahrzeuge wie Lkw und Busse sind f\\u00fcr etwa ein Viertel der CO2-Emissionen aus dem Stra\\u00dfeng\\u00fcterverkehr der EU verantwortlich. Das sind etwa 5 % der gesamten EU-Emissionen.&#8220;&lt;\\\/p&gt;\\n&quot;,&quot;author&quot;:{&quot;name&quot;:&quot;Europ\\u00e4ische Kommission, Klima und Transport&quot;,&quot;job_title&quot;:&quot;&quot;,&quot;company&quot;:&quot;&quot;,&quot;image&quot;:false},&quot;background_image&quot;:false,&quot;overlay_color&quot;:&quot;&quot;,&quot;overlay_opacity&quot;:&quot;70&quot;,&quot;id&quot;:0,&quot;overlay_color_rgb&quot;:&quot;rgba(0,66,49, 0.99)&quot;}]\"><\/el-testimonial-carousel>\n        <\/div>\n    <\/div>\n\n\n\n<div class=\"container\"><div class=\"lg:mx-auto max-w-2xl\"><div class=\"core_spacer\">\n<div style=\"height:50px\" aria-hidden=\"true\" class=\"wp-block-spacer\"><\/div>\n<\/div><\/div><\/div>\n\n<div class=\"container\"><div class=\"lg:mx-auto max-w-2xl\"><div class=\"core_paragraph\">\n<p>Bei Ancotrans wissen wir, dass unsere Klimabem\u00fchungen mehr sein sollten als Gerede und sch\u00f6ne Worte&nbsp;\u2013 und zwar echte Ma\u00dfnahmen zur Verringerung und Kompensation der Emissionen. Gleichzeitig sind \u00f6kologische Ma\u00dfnahmen immer eng mit wirtschaftlichen \u00dcberlegungen verbunden.<\/p>\n<\/div><\/div><\/div>\n\n<div class=\"container\"><div class=\"lg:mx-auto max-w-2xl\"><div class=\"core_paragraph\">\n<p>Der \u00f6kologische Wandel, den wir initiiert haben und f\u00fcr den wir uns einsetzen, verfolgt ein klares wirtschaftliches Ziel. Wir sind davon \u00fcberzeugt, dass wir Ma\u00dfnahmen zur Verringerung der CO<sub>2<\/sub>-Emissionen und eine gute Bilanz in Einklang bringen k\u00f6nnen.<\/p>\n<\/div><\/div><\/div>\n\n<div class=\"container\"><div class=\"lg:mx-auto max-w-2xl\"><div class=\"core_spacer\">\n<div style=\"height:50px\" aria-hidden=\"true\" class=\"wp-block-spacer\"><\/div>\n<\/div><\/div><\/div>\n\n<div class=\"container\"><div class=\"lg:mx-auto max-w-2xl\"><div class=\"core_heading\">\n<h2><strong>Sechs wichtige Ma\u00dfnahmen zur Verbesserung der Klimabilanz Ihres Unternehmens<\/strong><\/h2>\n<\/div><\/div><\/div>\n\n<div class=\"container\"><div class=\"lg:mx-auto max-w-2xl\"><div class=\"core_heading\">\n<h4><strong>Technologischer Fortschritt<\/strong><\/h4>\n<\/div><\/div><\/div>\n\n<div class=\"container\"><div class=\"lg:mx-auto max-w-2xl\"><div class=\"core_paragraph\">\n<p>Der technologische Fortschritt wird eine treibende Kraft sein, wenn es darum geht, den Transportsektor in Zukunft umweltfreundlicher zu gestalten.<\/p>\n<\/div><\/div><\/div>\n\n<div class=\"container\"><div class=\"lg:mx-auto max-w-2xl\"><div class=\"core_paragraph\">\n<p>Innovative Verbesserungen wie z.&nbsp;B. Gewichtsreduzierung, Motoroptimierung oder Reifenverbesserung erh\u00f6hen die Effizienz der Fahrzeuge und stellen eine M\u00f6glichkeit dar, wie Lkw und G\u00fctertransport kraftstoffeffizienter werden k\u00f6nnen.<\/p>\n<\/div><\/div><\/div>\n\n<div class=\"container\"><div class=\"lg:mx-auto max-w-2xl\"><div class=\"core_paragraph\">\n<p>Ancotrans bleibt weiterhin Vorreiter bei umweltfreundlicheren Alternativen in der Transportbranche&nbsp;\u2013 nun auch im Bereich der Seitenlader. Wir sind eine Partnerschaft mit Hammar, einem unserer Seitenlader-Anbieter eingegangen, <a href=\"https:\/\/ancotrans.com\/services\/sideloaders\/\" target=\"_blank\" rel=\"noreferrer noopener\">um das erste Unternehmen in Europa zu werden, das elektrische Seitenlader einf\u00fchrt und nutzt<\/a>. Dar\u00fcber hinaus verf\u00fcgen wir jetzt auch \u00fcber LNG-betriebene Lkw, die beinahe frei von Partikelemissionen und somit umweltfreundlicher sind.<\/p>\n<\/div><\/div><\/div>\n\n<div class=\"container\"><div class=\"lg:mx-auto max-w-2xl\"><div class=\"core_paragraph\">\n<p><\/p>\n<\/div><\/div><\/div>\n\n<div class=\"container\"><div class=\"lg:mx-auto max-w-2xl\"><div class=\"core_heading\">\n<h4><strong>Kraftstoff<\/strong><\/h4>\n<\/div><\/div><\/div>\n\n<div class=\"container\"><div class=\"lg:mx-auto max-w-2xl\"><div class=\"core_paragraph\">\n<p>Kraftstoff ist ein wesentliches Element, wenn es darum geht, die Treibhausgasemissionen im Transportwesen zu verringern. Schon heute sind viele Kraftstoffe mit einem geringeren Kohlenstoffgehalt f\u00fcr den Transport auf dem Markt. Zweifellos wird dies in Zukunft noch zunehmen. Das ist gut f\u00fcr das Klima.<\/p>\n<\/div><\/div><\/div>\n\n<div class=\"container\"><div class=\"lg:mx-auto max-w-2xl\"><div class=\"core_paragraph\">\n<p><\/p>\n<\/div><\/div><\/div>\n\n<div class=\"container\"><div class=\"lg:mx-auto max-w-2xl\"><div class=\"core_heading\">\n<h4><strong>Weiterbildung und Schulung von Fahrern<\/strong><\/h4>\n<\/div><\/div><\/div>\n\n<div class=\"container\"><div class=\"lg:mx-auto max-w-2xl\"><div class=\"core_paragraph\">\n<p>Bei Ancotrans besuchen die Fahrer jedes Jahr neue ECO-Fahrtrainings. Damit m\u00f6chten wir sicherstellen, dass alle wissen, wie die Umweltbelastung minimiert werden kann.<\/p>\n<\/div><\/div><\/div>\n\n<div class=\"container\"><div class=\"lg:mx-auto max-w-2xl\"><div class=\"core_paragraph\">\n<p>Ma\u00dfnahmen wie langsameres Fahren, Warten von Ger\u00e4ten oder alternative Routen k\u00f6nnen helfen, Kraftstoff zu sparen. Eine geringere Geschwindigkeit bedeutet jedoch auch eine langsamere Lieferung. Daher ist es von entscheidender Bedeutung, ein gutes Gleichgewicht zwischen Geschwindigkeit und Kraftstoffeffizienz zu finden. Dazu verwenden wir ein Reifendichtmittel namens \u201eUltraseal\u201c. Es sorgt nicht nur f\u00fcr einen konstanten Reifendruck und eine l\u00e4ngere Lebensdauer. Damit minimieren wir au\u00dferdem die Umweltbelastung durch unsere Reifen. All unsere Lkw sind mit Start-Stopp-Systemen ausgestattet und die H\u00f6chstgeschwindigkeit ist auf 84&nbsp;km\/h begrenzt.<\/p>\n<\/div><\/div><\/div>\n\n<div class=\"container\"><div class=\"lg:mx-auto max-w-2xl\"><div class=\"core_paragraph\">\n<p><\/p>\n<\/div><\/div><\/div>\n\n<div class=\"container\"><div class=\"lg:mx-auto max-w-2xl\"><div class=\"core_heading\">\n<h4><strong>Frachtverdichtung f\u00fcr einen umweltfreundlicheren Transport<\/strong><\/h4>\n<\/div><\/div><\/div>\n\n<div class=\"container\"><div class=\"lg:mx-auto max-w-2xl\"><div class=\"core_paragraph\">\n<p>Kapazit\u00e4tsengp\u00e4sse sind eine gro\u00dfe Herausforderung f\u00fcr die Transportbranche. Denn es gibt nun mal eine nat\u00fcrliche Grenze, wie viel Fracht in eine Lkw-Einheit passt. Wenn Sie eine Flotte effizient nutzen m\u00f6chten, m\u00fcssen Sie daher strategisch vorgehen.<\/p>\n<\/div><\/div><\/div>\n\n<div class=\"container\"><div class=\"lg:mx-auto max-w-2xl\"><div class=\"core_paragraph\">\n<p><\/p>\n<\/div><\/div><\/div>\n\n<div class=\"container\"><div class=\"lg:mx-auto max-w-2xl\"><div class=\"core_heading\">\n<h4><strong>Klimakompensation f\u00fcr die Gemeinschaft<\/strong><\/h4>\n<\/div><\/div><\/div>\n\n<div class=\"container\"><div class=\"lg:mx-auto max-w-2xl\"><div class=\"core_paragraph\">\n<p>Als Transport- und Logistikunternehmen sind wir ein Gro\u00dfverbraucher fossiler Brennstoffe. Jedes Jahr tragen wir zu vielen tausend Tonnen CO<sub>2<\/sub>-Emissionen bei. Auf kurze Sicht etwas zu \u00e4ndern, kann eine Herausforderung sein. Doch bei Ancotrans haben wir es uns zum Ziel gesetzt, in unseren M\u00e4rkten die umweltfreundlichsten Transporte der Branche anzubieten.<\/p>\n<\/div><\/div><\/div>\n\n<div class=\"container\"><div class=\"lg:mx-auto max-w-2xl\"><div class=\"core_paragraph\">\n<p>Wir arbeiten konsequent daran, unseren CO<sub>2<\/sub>-Fu\u00dfabdruck im Vergleich zu unserem Verbrauch im Jahr&nbsp;2018 bis 2030 um 25&nbsp;% zu verkleinern. Bis wir das geschafft haben, ist es unser Ziel, unsere Emissionen zu kompensieren, um die Vorgabe f\u00fcr 2030 zu erreichen.<\/p>\n<\/div><\/div><\/div>\n\n<div class=\"container\"><div class=\"lg:mx-auto max-w-2xl\"><div class=\"core_paragraph\">\n<p>Daher haben wir beschlossen, einen Betrag in H\u00f6he von 5&nbsp;% unseres Jahresgewinns f\u00fcr neue Ma\u00dfnahmen bereitzustellen, die dazu beitragen, unsere Kompensationsziele, unsere Umweltstrategie und unser Ziel f\u00fcr das Jahr&nbsp;2030 zu erreichen. <a href=\"https:\/\/forest.ancotrans.com\/\" target=\"_blank\" rel=\"noreferrer noopener\">Ein Gro\u00dfteil dieses Betrags wird f\u00fcr die Aufforstung von W\u00e4ldern in Uganda verwendet. Mehr dar\u00fcber erfahren Sie hier<\/a>.<\/p>\n<\/div><\/div><\/div>\n\n<div class=\"container\"><div class=\"lg:mx-auto max-w-2xl\"><div class=\"core_spacer\">\n<div style=\"height:50px\" aria-hidden=\"true\" class=\"wp-block-spacer\"><\/div>\n<\/div><\/div><\/div>\n\n<div class=\"container\"><div class=\"lg:mx-auto max-w-2xl\"><div class=\"core_heading\">\n<h2><strong>Sch\u00fctzen wir gemeinsam unseren Planeten! Gemeinsam k\u00f6nnen wir eine gr\u00fcnere Zukunft schaffen.<\/strong><\/h2>\n<\/div><\/div><\/div>\n\n<div class=\"container\"><div class=\"lg:mx-auto max-w-2xl\"><div class=\"core_paragraph\">\n<p>Es ist kein Geheimnis, dass der Transportsektor in Bezug auf CO<sub>2<\/sub>-Emissionen und Umweltauswirkungen in der obersten Liga spielt. Gl\u00fccklicherweise gibt es einiges, das Sie schon jetzt tun k\u00f6nnen, um Ihren CO\u2082-Fu\u00dfabdruck zu verkleinern oder zu kompensieren.<\/p>\n<\/div><\/div><\/div>\n\n<div class=\"container\"><div class=\"lg:mx-auto max-w-2xl\"><div class=\"core_paragraph\">\n<p>Die Liste ist zwar nicht unendlich lang. Doch einige M\u00f6glichkeiten nutzen wir bei Ancotrans bereits, um die CO<sub>2<\/sub>-Emissionen aus dem Transportsektor nach und nach zu senken.<\/p>\n<\/div><\/div><\/div>\n\n<div class=\"container\"><div class=\"lg:mx-auto max-w-2xl\"><div class=\"core_spacer\">\n<div style=\"height:100px\" aria-hidden=\"true\" class=\"wp-block-spacer\"><\/div>\n<\/div><\/div><\/div>","protected":false},"excerpt":{"rendered":"<p>Der Transportsektor und der Frachtverkehr sind auch weiterhin ein wichtiger Faktor in Bezug auf die CO2-Emissionen. Tats\u00e4chlich ist der Transportsektor f\u00fcr 25&nbsp;% der Treibhausgasemissionen verantwortlich. Lkw-Transporte machen ein Sechstel dieser Zahl aus. Wie also k\u00f6nnen wir den CO2-Fu\u00dfabdruck der Branche verkleinern? Die gute Nachricht: Viele Lkw-Transportunternehmen bem\u00fchen sich bereits um umweltfreundlichere und nachhaltigere Praktiken und [&hellip;]<\/p>\n","protected":false},"author":1,"featured_media":0,"comment_status":"open","ping_status":"open","sticky":false,"template":"","format":"standard","meta":[],"categories":[3],"tags":[],"segment":[],"acf":[],"yoast_head":"<!-- This site is optimized with the Yoast SEO plugin v19.14 - https:\/\/yoast.com\/wordpress\/plugins\/seo\/ -->\n<title>Optimieren Sie die Klimabilanz Ihrer Transporte - Ancotrans - Campaigns<\/title>\n<meta name=\"robots\" content=\"index, follow, max-snippet:-1, max-image-preview:large, max-video-preview:-1\" \/>\n<link rel=\"canonical\" href=\"https:\/\/campaigns.ancotrans.com\/de\/optimieren-sie-die-klimabilanz-ihrer-transporte\/\" \/>\n<meta property=\"og:locale\" content=\"de_DE\" \/>\n<meta property=\"og:type\" content=\"article\" \/>\n<meta property=\"og:title\" content=\"Optimieren Sie die Klimabilanz Ihrer Transporte - Ancotrans - Campaigns\" \/>\n<meta property=\"og:description\" content=\"Der Transportsektor und der Frachtverkehr sind auch weiterhin ein wichtiger Faktor in Bezug auf die CO2-Emissionen. Tats\u00e4chlich ist der Transportsektor f\u00fcr 25&nbsp;% der Treibhausgasemissionen verantwortlich. Lkw-Transporte machen ein Sechstel dieser Zahl aus. Wie also k\u00f6nnen wir den CO2-Fu\u00dfabdruck der Branche verkleinern? Die gute Nachricht: Viele Lkw-Transportunternehmen bem\u00fchen sich bereits um umweltfreundlichere und nachhaltigere Praktiken und [&hellip;]\" \/>\n<meta property=\"og:url\" content=\"https:\/\/campaigns.ancotrans.com\/de\/optimieren-sie-die-klimabilanz-ihrer-transporte\/\" \/>\n<meta property=\"og:site_name\" content=\"Ancotrans - Campaigns\" \/>\n<meta property=\"article:published_time\" content=\"2021-08-19T11:36:57+00:00\" \/>\n<meta property=\"article:modified_time\" content=\"2021-08-20T07:39:50+00:00\" \/>\n<meta name=\"author\" content=\"mindmill_admin\" \/>\n<meta name=\"twitter:card\" content=\"summary_large_image\" \/>\n<meta name=\"twitter:label1\" content=\"Verfasst von\" \/>\n\t<meta name=\"twitter:data1\" content=\"mindmill_admin\" \/>\n\t<meta name=\"twitter:label2\" content=\"Gesch\u00e4tzte Lesezeit\" \/>\n\t<meta name=\"twitter:data2\" content=\"4 Minuten\" \/>\n<script type=\"application\/ld+json\" class=\"yoast-schema-graph\">{\"@context\":\"https:\/\/schema.org\",\"@graph\":[{\"@type\":\"WebPage\",\"@id\":\"https:\/\/campaigns.ancotrans.com\/de\/optimieren-sie-die-klimabilanz-ihrer-transporte\/\",\"url\":\"https:\/\/campaigns.ancotrans.com\/de\/optimieren-sie-die-klimabilanz-ihrer-transporte\/\",\"name\":\"Optimieren Sie die Klimabilanz Ihrer Transporte - Ancotrans - Campaigns\",\"isPartOf\":{\"@id\":\"https:\/\/campaigns.ancotrans.com\/nl\/#website\"},\"datePublished\":\"2021-08-19T11:36:57+00:00\",\"dateModified\":\"2021-08-20T07:39:50+00:00\",\"author\":{\"@id\":\"https:\/\/campaigns.ancotrans.com\/nl\/#\/schema\/person\/a469c10c9df8eed1c200f5feb4aef0f0\"},\"inLanguage\":\"de-DE\",\"potentialAction\":[{\"@type\":\"ReadAction\",\"target\":[\"https:\/\/campaigns.ancotrans.com\/de\/optimieren-sie-die-klimabilanz-ihrer-transporte\/\"]}]},{\"@type\":\"WebSite\",\"@id\":\"https:\/\/campaigns.ancotrans.com\/nl\/#website\",\"url\":\"https:\/\/campaigns.ancotrans.com\/nl\/\",\"name\":\"Ancotrans - Campaigns\",\"description\":\"\",\"potentialAction\":[{\"@type\":\"SearchAction\",\"target\":{\"@type\":\"EntryPoint\",\"urlTemplate\":\"https:\/\/campaigns.ancotrans.com\/nl\/?s={search_term_string}\"},\"query-input\":\"required name=search_term_string\"}],\"inLanguage\":\"de-DE\"},{\"@type\":\"Person\",\"@id\":\"https:\/\/campaigns.ancotrans.com\/nl\/#\/schema\/person\/a469c10c9df8eed1c200f5feb4aef0f0\",\"name\":\"mindmill_admin\",\"image\":{\"@type\":\"ImageObject\",\"inLanguage\":\"de-DE\",\"@id\":\"https:\/\/campaigns.ancotrans.com\/nl\/#\/schema\/person\/image\/\",\"url\":\"https:\/\/secure.gravatar.com\/avatar\/9a7578577a311928867afad954672d7e?s=96&d=mm&r=g\",\"contentUrl\":\"https:\/\/secure.gravatar.com\/avatar\/9a7578577a311928867afad954672d7e?s=96&d=mm&r=g\",\"caption\":\"mindmill_admin\"},\"url\":\"https:\/\/campaigns.ancotrans.com\/de\/author\/mindmill_admin\/\"}]}<\/script>\n<!-- \/ Yoast SEO plugin. -->","yoast_head_json":{"title":"Optimieren Sie die Klimabilanz Ihrer Transporte - Ancotrans - Campaigns","robots":{"index":"index","follow":"follow","max-snippet":"max-snippet:-1","max-image-preview":"max-image-preview:large","max-video-preview":"max-video-preview:-1"},"canonical":"https:\/\/campaigns.ancotrans.com\/de\/optimieren-sie-die-klimabilanz-ihrer-transporte\/","og_locale":"de_DE","og_type":"article","og_title":"Optimieren Sie die Klimabilanz Ihrer Transporte - Ancotrans - Campaigns","og_description":"Der Transportsektor und der Frachtverkehr sind auch weiterhin ein wichtiger Faktor in Bezug auf die CO2-Emissionen. Tats\u00e4chlich ist der Transportsektor f\u00fcr 25&nbsp;% der Treibhausgasemissionen verantwortlich. Lkw-Transporte machen ein Sechstel dieser Zahl aus. Wie also k\u00f6nnen wir den CO2-Fu\u00dfabdruck der Branche verkleinern? Die gute Nachricht: Viele Lkw-Transportunternehmen bem\u00fchen sich bereits um umweltfreundlichere und nachhaltigere Praktiken und [&hellip;]","og_url":"https:\/\/campaigns.ancotrans.com\/de\/optimieren-sie-die-klimabilanz-ihrer-transporte\/","og_site_name":"Ancotrans - Campaigns","article_published_time":"2021-08-19T11:36:57+00:00","article_modified_time":"2021-08-20T07:39:50+00:00","author":"mindmill_admin","twitter_card":"summary_large_image","twitter_misc":{"Verfasst von":"mindmill_admin","Gesch\u00e4tzte Lesezeit":"4 Minuten"},"schema":{"@context":"https:\/\/schema.org","@graph":[{"@type":"WebPage","@id":"https:\/\/campaigns.ancotrans.com\/de\/optimieren-sie-die-klimabilanz-ihrer-transporte\/","url":"https:\/\/campaigns.ancotrans.com\/de\/optimieren-sie-die-klimabilanz-ihrer-transporte\/","name":"Optimieren Sie die Klimabilanz Ihrer Transporte - Ancotrans - Campaigns","isPartOf":{"@id":"https:\/\/campaigns.ancotrans.com\/nl\/#website"},"datePublished":"2021-08-19T11:36:57+00:00","dateModified":"2021-08-20T07:39:50+00:00","author":{"@id":"https:\/\/campaigns.ancotrans.com\/nl\/#\/schema\/person\/a469c10c9df8eed1c200f5feb4aef0f0"},"inLanguage":"de-DE","potentialAction":[{"@type":"ReadAction","target":["https:\/\/campaigns.ancotrans.com\/de\/optimieren-sie-die-klimabilanz-ihrer-transporte\/"]}]},{"@type":"WebSite","@id":"https:\/\/campaigns.ancotrans.com\/nl\/#website","url":"https:\/\/campaigns.ancotrans.com\/nl\/","name":"Ancotrans - Campaigns","description":"","potentialAction":[{"@type":"SearchAction","target":{"@type":"EntryPoint","urlTemplate":"https:\/\/campaigns.ancotrans.com\/nl\/?s={search_term_string}"},"query-input":"required name=search_term_string"}],"inLanguage":"de-DE"},{"@type":"Person","@id":"https:\/\/campaigns.ancotrans.com\/nl\/#\/schema\/person\/a469c10c9df8eed1c200f5feb4aef0f0","name":"mindmill_admin","image":{"@type":"ImageObject","inLanguage":"de-DE","@id":"https:\/\/campaigns.ancotrans.com\/nl\/#\/schema\/person\/image\/","url":"https:\/\/secure.gravatar.com\/avatar\/9a7578577a311928867afad954672d7e?s=96&d=mm&r=g","contentUrl":"https:\/\/secure.gravatar.com\/avatar\/9a7578577a311928867afad954672d7e?s=96&d=mm&r=g","caption":"mindmill_admin"},"url":"https:\/\/campaigns.ancotrans.com\/de\/author\/mindmill_admin\/"}]}},"_links":{"self":[{"href":"https:\/\/campaigns.ancotrans.com\/de\/wp-json\/wp\/v2\/posts\/858"}],"collection":[{"href":"https:\/\/campaigns.ancotrans.com\/de\/wp-json\/wp\/v2\/posts"}],"about":[{"href":"https:\/\/campaigns.ancotrans.com\/de\/wp-json\/wp\/v2\/types\/post"}],"author":[{"embeddable":true,"href":"https:\/\/campaigns.ancotrans.com\/de\/wp-json\/wp\/v2\/users\/1"}],"replies":[{"embeddable":true,"href":"https:\/\/campaigns.ancotrans.com\/de\/wp-json\/wp\/v2\/comments?post=858"}],"version-history":[{"count":37,"href":"https:\/\/campaigns.ancotrans.com\/de\/wp-json\/wp\/v2\/posts\/858\/revisions"}],"predecessor-version":[{"id":922,"href":"https:\/\/campaigns.ancotrans.com\/de\/wp-json\/wp\/v2\/posts\/858\/revisions\/922"}],"wp:attachment":[{"href":"https:\/\/campaigns.ancotrans.com\/de\/wp-json\/wp\/v2\/media?parent=858"}],"wp:term":[{"taxonomy":"category","embeddable":true,"href":"https:\/\/campaigns.ancotrans.com\/de\/wp-json\/wp\/v2\/categories?post=858"},{"taxonomy":"post_tag","embeddable":true,"href":"https:\/\/campaigns.ancotrans.com\/de\/wp-json\/wp\/v2\/tags?post=858"},{"taxonomy":"segment","embeddable":true,"href":"https:\/\/campaigns.ancotrans.com\/de\/wp-json\/wp\/v2\/segment?post=858"}],"curies":[{"name":"wp","href":"https:\/\/api.w.org\/{rel}","templated":true}]}}